{"id":139,"date":"2008-11-19T09:59:50","date_gmt":"2008-11-19T07:59:50","guid":{"rendered":"http:\/\/www.todouned.com\/uned\/?p=139"},"modified":"2017-08-10T14:06:39","modified_gmt":"2017-08-10T12:06:39","slug":"la-uned-ofertara-estudios-adaptados-europa","status":"publish","type":"post","link":"https:\/\/www.todouned.com\/uned\/la-uned-ofertara-estudios-adaptados-europa","title":{"rendered":"La UNED ofertar\u00e1 el pr\u00f3ximo a\u00f1o estudios adaptados a Europa"},"content":{"rendered":"<p>El <strong>centro asociado<\/strong> de C\u00f3rdoba de la <strong>UNED <\/strong>se encuentra trabajando a fondo en los nuevos planes de estudios para la convergencia europea. De hecho, est\u00e1 previsto que el pr\u00f3ximo curso se oferten cursos de grado adaptados al nuevo espacio europeo. As\u00ed lo confirm\u00f3 ayer el director del centro, Jos\u00e9 Camero, antes del inicio del acto oficial de la apertura del curso, que cont\u00f3 con la leccional inaugural de la vicerrectora de Espacio Europeo y Planificaci\u00f3n Docente, Encarnaci\u00f3n Sarri\u00e1. A su vez, fueron distinguidos m\u00e1s de 70 alumnos que han finalizado sus estudios.<\/p>\n","protected":false},"excerpt":{"rendered":"<p>El centro asociado de C\u00f3rdoba de la UNED se encuentra trabajando a fondo en los nuevos planes de estudios para la convergencia europea. De hecho, est\u00e1 previsto que el pr\u00f3ximo curso se oferten cursos de grado adaptados al nuevo espacio europeo. As\u00ed lo confirm\u00f3 ayer el director del centro, Jos\u00e9 Camero, antes del inicio del [&hellip;]<\/p>\n","protected":false},"author":1,"featured_media":0,"comment_status":"open","ping_status":"open","sticky":false,"template":"","format":"standard","meta":[],"categories":[32,4],"tags":[30,61,3],"yoast_head":"<!-- This site is optimized with the Yoast SEO plugin v16.4 - https:\/\/yoast.com\/wordpress\/plugins\/seo\/ -->\n<title>La UNED ofertar\u00e1 el pr\u00f3ximo a\u00f1o estudios adaptados a Europa - Blog UNED<\/title>\n<meta name=\"robots\" content=\"index, follow, max-snippet:-1, max-image-preview:large, max-video-preview:-1\" \/>\n<link rel=\"canonical\" href=\"https:\/\/www.todouned.com\/uned\/la-uned-ofertara-estudios-adaptados-europa\" \/>\n<meta property=\"og:locale\" content=\"es_ES\" \/>\n<meta property=\"og:type\" content=\"article\" \/>\n<meta property=\"og:title\" content=\"La UNED ofertar\u00e1 el pr\u00f3ximo a\u00f1o estudios adaptados a Europa - Blog UNED\" \/>\n<meta property=\"og:description\" content=\"El centro asociado de C\u00f3rdoba de la UNED se encuentra trabajando a fondo en los nuevos planes de estudios para la convergencia europea. De hecho, est\u00e1 previsto que el pr\u00f3ximo curso se oferten cursos de grado adaptados al nuevo espacio europeo. As\u00ed lo confirm\u00f3 ayer el director del centro, Jos\u00e9 Camero, antes del inicio del [&hellip;]\" \/>\n<meta property=\"og:url\" content=\"https:\/\/www.todouned.com\/uned\/la-uned-ofertara-estudios-adaptados-europa\" \/>\n<meta property=\"og:site_name\" content=\"Blog UNED\" \/>\n<meta property=\"article:publisher\" content=\"https:\/\/www.facebook.com\/todouned\" \/>\n<meta property=\"article:published_time\" content=\"2008-11-19T07:59:50+00:00\" \/>\n<meta property=\"article:modified_time\" content=\"2017-08-10T12:06:39+00:00\" \/>\n<meta name=\"twitter:card\" content=\"summary\" \/>\n<script type=\"application\/ld+json\" class=\"yoast-schema-graph\">{\"@context\":\"https:\/\/schema.org\",\"@graph\":[{\"@type\":\"WebSite\",\"@id\":\"https:\/\/www.todouned.com\/uned\/#website\",\"url\":\"https:\/\/www.todouned.com\/uned\/\",\"name\":\"Blog UNED\",\"description\":\"Noticias sobre la UNED\",\"potentialAction\":[{\"@type\":\"SearchAction\",\"target\":\"https:\/\/www.todouned.com\/uned\/?s={search_term_string}\",\"query-input\":\"required name=search_term_string\"}],\"inLanguage\":\"es\"},{\"@type\":\"WebPage\",\"@id\":\"https:\/\/www.todouned.com\/uned\/la-uned-ofertara-estudios-adaptados-europa#webpage\",\"url\":\"https:\/\/www.todouned.com\/uned\/la-uned-ofertara-estudios-adaptados-europa\",\"name\":\"La UNED ofertar\\u00e1 el pr\\u00f3ximo a\\u00f1o estudios adaptados a Europa - Blog UNED\",\"isPartOf\":{\"@id\":\"https:\/\/www.todouned.com\/uned\/#website\"},\"datePublished\":\"2008-11-19T07:59:50+00:00\",\"dateModified\":\"2017-08-10T12:06:39+00:00\",\"author\":{\"@id\":\"https:\/\/www.todouned.com\/uned\/#\/schema\/person\/76c0f1c77d749fccbf1c918105073512\"},\"breadcrumb\":{\"@id\":\"https:\/\/www.todouned.com\/uned\/la-uned-ofertara-estudios-adaptados-europa#breadcrumb\"},\"inLanguage\":\"es\",\"potentialAction\":[{\"@type\":\"ReadAction\",\"target\":[\"https:\/\/www.todouned.com\/uned\/la-uned-ofertara-estudios-adaptados-europa\"]}]},{\"@type\":\"BreadcrumbList\",\"@id\":\"https:\/\/www.todouned.com\/uned\/la-uned-ofertara-estudios-adaptados-europa#breadcrumb\",\"itemListElement\":[{\"@type\":\"ListItem\",\"position\":1,\"item\":{\"@type\":\"WebPage\",\"@id\":\"https:\/\/www.todouned.com\/uned\",\"url\":\"https:\/\/www.todouned.com\/uned\",\"name\":\"Portada\"}},{\"@type\":\"ListItem\",\"position\":2,\"item\":{\"@id\":\"https:\/\/www.todouned.com\/uned\/la-uned-ofertara-estudios-adaptados-europa#webpage\"}}]},{\"@type\":\"Person\",\"@id\":\"https:\/\/www.todouned.com\/uned\/#\/schema\/person\/76c0f1c77d749fccbf1c918105073512\",\"name\":\"admin\",\"image\":{\"@type\":\"ImageObject\",\"@id\":\"https:\/\/www.todouned.com\/uned\/#personlogo\",\"inLanguage\":\"es\",\"url\":\"https:\/\/secure.gravatar.com\/avatar\/f031a52bf125a5b4b7ca1ea978509b23?s=96&d=mm&r=g\",\"contentUrl\":\"https:\/\/secure.gravatar.com\/avatar\/f031a52bf125a5b4b7ca1ea978509b23?s=96&d=mm&r=g\",\"caption\":\"admin\"},\"sameAs\":[\"http:\/\/\"],\"url\":\"https:\/\/www.todouned.com\/uned\/author\/admin\"}]}<\/script>\n<!-- \/ Yoast SEO plugin. -->","_links":{"self":[{"href":"https:\/\/www.todouned.com\/uned\/wp-json\/wp\/v2\/posts\/139"}],"collection":[{"href":"https:\/\/www.todouned.com\/uned\/wp-json\/wp\/v2\/posts"}],"about":[{"href":"https:\/\/www.todouned.com\/uned\/wp-json\/wp\/v2\/types\/post"}],"author":[{"embeddable":true,"href":"https:\/\/www.todouned.com\/uned\/wp-json\/wp\/v2\/users\/1"}],"replies":[{"embeddable":true,"href":"https:\/\/www.todouned.com\/uned\/wp-json\/wp\/v2\/comments?post=139"}],"version-history":[{"count":5,"href":"https:\/\/www.todouned.com\/uned\/wp-json\/wp\/v2\/posts\/139\/revisions"}],"predecessor-version":[{"id":1384,"href":"https:\/\/www.todouned.com\/uned\/wp-json\/wp\/v2\/posts\/139\/revisions\/1384"}],"wp:attachment":[{"href":"https:\/\/www.todouned.com\/uned\/wp-json\/wp\/v2\/media?parent=139"}],"wp:term":[{"taxonomy":"category","embeddable":true,"href":"https:\/\/www.todouned.com\/uned\/wp-json\/wp\/v2\/categories?post=139"},{"taxonomy":"post_tag","embeddable":true,"href":"https:\/\/www.todouned.com\/uned\/wp-json\/wp\/v2\/tags?post=139"}],"curies":[{"name":"wp","href":"https:\/\/api.w.org\/{rel}","templated":true}]}}