{"id":31,"date":"2008-10-14T17:18:58","date_gmt":"2008-10-14T15:18:58","guid":{"rendered":"http:\/\/www.todouned.com\/uned\/?p=31"},"modified":"2008-10-15T08:49:30","modified_gmt":"2008-10-15T06:49:30","slug":"la-uimp-se-compromete-a-que-el-master-en-gestion-y-administracion-ambiental-se-convierta-en-un-titulo-oficial","status":"publish","type":"post","link":"https:\/\/www.todouned.com\/uned\/la-uimp-se-compromete-a-que-el-master-en-gestion-y-administracion-ambiental-se-convierta-en-un-titulo-oficial","title":{"rendered":"La UIMP se compromete a que el M\u00e1ster en Gesti\u00f3n y Administraci\u00f3n Ambiental se convierta en un t\u00edtulo oficial"},"content":{"rendered":"<p>El rector de la Universidad Internacional Men\u00e9ndez Pelayo (UIMP), Salvador Ord\u00f3\u00f1ez, se ha comprometido hoy en Madrid a trabajar para que el M\u00e1ster en Gesti\u00f3n y Administraci\u00f3n Ambiental de la Fundaci\u00f3n Biodiversidad, impartido por segundo a\u00f1o consecutivo como t\u00edtulo propio de la UNED en colaboraci\u00f3n con la UIMP, &#8220;se convierta en un t\u00edtulo oficial, seg\u00fan el proyecto Bolonia&#8221;. <a href=\"http:\/\/www.europapress.es\/cantabria\/canabria-sostenible-00437\/noticia-uimp-compromete-master-gestion-administracion-ambiental-convierta-titulo-oficial-20081014164531.html\" target=\"_blank\">Leer noticia<\/a><\/p>\n","protected":false},"excerpt":{"rendered":"<p>El rector de la Universidad Internacional Men\u00e9ndez Pelayo (UIMP), Salvador Ord\u00f3\u00f1ez, se ha comprometido hoy en Madrid a trabajar para que el M\u00e1ster en Gesti\u00f3n y Administraci\u00f3n Ambiental de la Fundaci\u00f3n Biodiversidad, impartido por segundo a\u00f1o consecutivo como t\u00edtulo propio de la UNED en colaboraci\u00f3n con la UIMP, &#8220;se convierta en un t\u00edtulo oficial, seg\u00fan [&hellip;]<\/p>\n","protected":false},"author":1,"featured_media":0,"comment_status":"open","ping_status":"open","sticky":false,"template":"","format":"standard","meta":[],"categories":[4],"tags":[30,31,3],"yoast_head":"<!-- This site is optimized with the Yoast SEO plugin v16.4 - https:\/\/yoast.com\/wordpress\/plugins\/seo\/ -->\n<title>La UIMP se compromete a que el M\u00e1ster en Gesti\u00f3n y Administraci\u00f3n Ambiental se convierta en un t\u00edtulo oficial - Blog UNED<\/title>\n<meta name=\"robots\" content=\"index, follow, max-snippet:-1, max-image-preview:large, max-video-preview:-1\" \/>\n<link rel=\"canonical\" href=\"https:\/\/www.todouned.com\/uned\/la-uimp-se-compromete-a-que-el-master-en-gestion-y-administracion-ambiental-se-convierta-en-un-titulo-oficial\" \/>\n<meta property=\"og:locale\" content=\"es_ES\" \/>\n<meta property=\"og:type\" content=\"article\" \/>\n<meta property=\"og:title\" content=\"La UIMP se compromete a que el M\u00e1ster en Gesti\u00f3n y Administraci\u00f3n Ambiental se convierta en un t\u00edtulo oficial - Blog UNED\" \/>\n<meta property=\"og:description\" content=\"El rector de la Universidad Internacional Men\u00e9ndez Pelayo (UIMP), Salvador Ord\u00f3\u00f1ez, se ha comprometido hoy en Madrid a trabajar para que el M\u00e1ster en Gesti\u00f3n y Administraci\u00f3n Ambiental de la Fundaci\u00f3n Biodiversidad, impartido por segundo a\u00f1o consecutivo como t\u00edtulo propio de la UNED en colaboraci\u00f3n con la UIMP, &#8220;se convierta en un t\u00edtulo oficial, seg\u00fan [&hellip;]\" \/>\n<meta property=\"og:url\" content=\"https:\/\/www.todouned.com\/uned\/la-uimp-se-compromete-a-que-el-master-en-gestion-y-administracion-ambiental-se-convierta-en-un-titulo-oficial\" \/>\n<meta property=\"og:site_name\" content=\"Blog UNED\" \/>\n<meta property=\"article:publisher\" content=\"https:\/\/www.facebook.com\/todouned\" \/>\n<meta property=\"article:published_time\" content=\"2008-10-14T15:18:58+00:00\" \/>\n<meta property=\"article:modified_time\" content=\"2008-10-15T06:49:30+00:00\" \/>\n<meta name=\"twitter:card\" content=\"summary\" \/>\n<script type=\"application\/ld+json\" class=\"yoast-schema-graph\">{\"@context\":\"https:\/\/schema.org\",\"@graph\":[{\"@type\":\"WebSite\",\"@id\":\"https:\/\/www.todouned.com\/uned\/#website\",\"url\":\"https:\/\/www.todouned.com\/uned\/\",\"name\":\"Blog UNED\",\"description\":\"Noticias sobre la UNED\",\"potentialAction\":[{\"@type\":\"SearchAction\",\"target\":\"https:\/\/www.todouned.com\/uned\/?s={search_term_string}\",\"query-input\":\"required name=search_term_string\"}],\"inLanguage\":\"es\"},{\"@type\":\"WebPage\",\"@id\":\"https:\/\/www.todouned.com\/uned\/la-uimp-se-compromete-a-que-el-master-en-gestion-y-administracion-ambiental-se-convierta-en-un-titulo-oficial#webpage\",\"url\":\"https:\/\/www.todouned.com\/uned\/la-uimp-se-compromete-a-que-el-master-en-gestion-y-administracion-ambiental-se-convierta-en-un-titulo-oficial\",\"name\":\"La UIMP se compromete a que el M\\u00e1ster en Gesti\\u00f3n y Administraci\\u00f3n Ambiental se convierta en un t\\u00edtulo oficial - Blog UNED\",\"isPartOf\":{\"@id\":\"https:\/\/www.todouned.com\/uned\/#website\"},\"datePublished\":\"2008-10-14T15:18:58+00:00\",\"dateModified\":\"2008-10-15T06:49:30+00:00\",\"author\":{\"@id\":\"https:\/\/www.todouned.com\/uned\/#\/schema\/person\/76c0f1c77d749fccbf1c918105073512\"},\"breadcrumb\":{\"@id\":\"https:\/\/www.todouned.com\/uned\/la-uimp-se-compromete-a-que-el-master-en-gestion-y-administracion-ambiental-se-convierta-en-un-titulo-oficial#breadcrumb\"},\"inLanguage\":\"es\",\"potentialAction\":[{\"@type\":\"ReadAction\",\"target\":[\"https:\/\/www.todouned.com\/uned\/la-uimp-se-compromete-a-que-el-master-en-gestion-y-administracion-ambiental-se-convierta-en-un-titulo-oficial\"]}]},{\"@type\":\"BreadcrumbList\",\"@id\":\"https:\/\/www.todouned.com\/uned\/la-uimp-se-compromete-a-que-el-master-en-gestion-y-administracion-ambiental-se-convierta-en-un-titulo-oficial#breadcrumb\",\"itemListElement\":[{\"@type\":\"ListItem\",\"position\":1,\"item\":{\"@type\":\"WebPage\",\"@id\":\"https:\/\/www.todouned.com\/uned\",\"url\":\"https:\/\/www.todouned.com\/uned\",\"name\":\"Portada\"}},{\"@type\":\"ListItem\",\"position\":2,\"item\":{\"@id\":\"https:\/\/www.todouned.com\/uned\/la-uimp-se-compromete-a-que-el-master-en-gestion-y-administracion-ambiental-se-convierta-en-un-titulo-oficial#webpage\"}}]},{\"@type\":\"Person\",\"@id\":\"https:\/\/www.todouned.com\/uned\/#\/schema\/person\/76c0f1c77d749fccbf1c918105073512\",\"name\":\"admin\",\"image\":{\"@type\":\"ImageObject\",\"@id\":\"https:\/\/www.todouned.com\/uned\/#personlogo\",\"inLanguage\":\"es\",\"url\":\"https:\/\/secure.gravatar.com\/avatar\/f031a52bf125a5b4b7ca1ea978509b23?s=96&d=mm&r=g\",\"contentUrl\":\"https:\/\/secure.gravatar.com\/avatar\/f031a52bf125a5b4b7ca1ea978509b23?s=96&d=mm&r=g\",\"caption\":\"admin\"},\"sameAs\":[\"http:\/\/\"],\"url\":\"https:\/\/www.todouned.com\/uned\/author\/admin\"}]}<\/script>\n<!-- \/ Yoast SEO plugin. -->","_links":{"self":[{"href":"https:\/\/www.todouned.com\/uned\/wp-json\/wp\/v2\/posts\/31"}],"collection":[{"href":"https:\/\/www.todouned.com\/uned\/wp-json\/wp\/v2\/posts"}],"about":[{"href":"https:\/\/www.todouned.com\/uned\/wp-json\/wp\/v2\/types\/post"}],"author":[{"embeddable":true,"href":"https:\/\/www.todouned.com\/uned\/wp-json\/wp\/v2\/users\/1"}],"replies":[{"embeddable":true,"href":"https:\/\/www.todouned.com\/uned\/wp-json\/wp\/v2\/comments?post=31"}],"version-history":[{"count":3,"href":"https:\/\/www.todouned.com\/uned\/wp-json\/wp\/v2\/posts\/31\/revisions"}],"predecessor-version":[{"id":38,"href":"https:\/\/www.todouned.com\/uned\/wp-json\/wp\/v2\/posts\/31\/revisions\/38"}],"wp:attachment":[{"href":"https:\/\/www.todouned.com\/uned\/wp-json\/wp\/v2\/media?parent=31"}],"wp:term":[{"taxonomy":"category","embeddable":true,"href":"https:\/\/www.todouned.com\/uned\/wp-json\/wp\/v2\/categories?post=31"},{"taxonomy":"post_tag","embeddable":true,"href":"https:\/\/www.todouned.com\/uned\/wp-json\/wp\/v2\/tags?post=31"}],"curies":[{"name":"wp","href":"https:\/\/api.w.org\/{rel}","templated":true}]}}