{"id":80,"date":"2008-10-28T10:28:51","date_gmt":"2008-10-28T08:28:51","guid":{"rendered":"http:\/\/www.todouned.com\/uned\/?p=80"},"modified":"2008-10-28T10:28:51","modified_gmt":"2008-10-28T08:28:51","slug":"la-orquesta-sinfonica-de-gijon-abrio-el-curso-con-el-aniversario-de-la-uned","status":"publish","type":"post","link":"https:\/\/www.todouned.com\/uned\/la-orquesta-sinfonica-de-gijon-abrio-el-curso-con-el-aniversario-de-la-uned","title":{"rendered":"La orquesta sinf\u00f3nica de Gij\u00f3n abri\u00f3 el curso con el aniversario de la UNED"},"content":{"rendered":"<p>El pasado domingo 26 de octubre, el teatro Jovellanos acogi\u00f3 el concierto inaugural de la temporada de la Orquesta Sinf\u00f3nica Ciudad de Gij\u00f3n, coincidiendo con el 25\u00ba aniversario de la <strong>UNED <\/strong>en Asturias. Su director art\u00edstico, el maestro \u00d3liver D\u00edaz, fue el encargado de conducir a la orquesta con un programa de obras cl\u00e1sico-rom\u00e1nticas de algunos de los grandes compositores de la historia de la m\u00fasica europea (Mozart, Tchaikovsky y Mendelssohn). <a href=\"http:\/\/www.lne.es\/secciones\/noticia.jsp?pRef=2008102800_35_689999__Gijon-Vibrante-ejecucion-Yuri-Zhislin\" target=\"_blank\">Leer noticia completa<\/a>.<\/p>\n","protected":false},"excerpt":{"rendered":"<p>El pasado domingo 26 de octubre, el teatro Jovellanos acogi\u00f3 el concierto inaugural de la temporada de la Orquesta Sinf\u00f3nica Ciudad de Gij\u00f3n, coincidiendo con el 25\u00ba aniversario de la UNED en Asturias. Su director art\u00edstico, el maestro \u00d3liver D\u00edaz, fue el encargado de conducir a la orquesta con un programa de obras cl\u00e1sico-rom\u00e1nticas de [&hellip;]<\/p>\n","protected":false},"author":1,"featured_media":0,"comment_status":"open","ping_status":"open","sticky":false,"template":"","format":"standard","meta":[],"categories":[4],"tags":[64,65,66,3],"yoast_head":"<!-- This site is optimized with the Yoast SEO plugin v16.4 - https:\/\/yoast.com\/wordpress\/plugins\/seo\/ -->\n<title>La orquesta sinf\u00f3nica de Gij\u00f3n abri\u00f3 el curso con el aniversario de la UNED - Blog UNED<\/title>\n<meta name=\"robots\" content=\"index, follow, max-snippet:-1, max-image-preview:large, max-video-preview:-1\" \/>\n<link rel=\"canonical\" href=\"https:\/\/www.todouned.com\/uned\/la-orquesta-sinfonica-de-gijon-abrio-el-curso-con-el-aniversario-de-la-uned\" \/>\n<meta property=\"og:locale\" content=\"es_ES\" \/>\n<meta property=\"og:type\" content=\"article\" \/>\n<meta property=\"og:title\" content=\"La orquesta sinf\u00f3nica de Gij\u00f3n abri\u00f3 el curso con el aniversario de la UNED - Blog UNED\" \/>\n<meta property=\"og:description\" content=\"El pasado domingo 26 de octubre, el teatro Jovellanos acogi\u00f3 el concierto inaugural de la temporada de la Orquesta Sinf\u00f3nica Ciudad de Gij\u00f3n, coincidiendo con el 25\u00ba aniversario de la UNED en Asturias. Su director art\u00edstico, el maestro \u00d3liver D\u00edaz, fue el encargado de conducir a la orquesta con un programa de obras cl\u00e1sico-rom\u00e1nticas de [&hellip;]\" \/>\n<meta property=\"og:url\" content=\"https:\/\/www.todouned.com\/uned\/la-orquesta-sinfonica-de-gijon-abrio-el-curso-con-el-aniversario-de-la-uned\" \/>\n<meta property=\"og:site_name\" content=\"Blog UNED\" \/>\n<meta property=\"article:publisher\" content=\"https:\/\/www.facebook.com\/todouned\" \/>\n<meta property=\"article:published_time\" content=\"2008-10-28T08:28:51+00:00\" \/>\n<meta name=\"twitter:card\" content=\"summary\" \/>\n<script type=\"application\/ld+json\" class=\"yoast-schema-graph\">{\"@context\":\"https:\/\/schema.org\",\"@graph\":[{\"@type\":\"WebSite\",\"@id\":\"https:\/\/www.todouned.com\/uned\/#website\",\"url\":\"https:\/\/www.todouned.com\/uned\/\",\"name\":\"Blog UNED\",\"description\":\"Noticias sobre la UNED\",\"potentialAction\":[{\"@type\":\"SearchAction\",\"target\":\"https:\/\/www.todouned.com\/uned\/?s={search_term_string}\",\"query-input\":\"required name=search_term_string\"}],\"inLanguage\":\"es\"},{\"@type\":\"WebPage\",\"@id\":\"https:\/\/www.todouned.com\/uned\/la-orquesta-sinfonica-de-gijon-abrio-el-curso-con-el-aniversario-de-la-uned#webpage\",\"url\":\"https:\/\/www.todouned.com\/uned\/la-orquesta-sinfonica-de-gijon-abrio-el-curso-con-el-aniversario-de-la-uned\",\"name\":\"La orquesta sinf\\u00f3nica de Gij\\u00f3n abri\\u00f3 el curso con el aniversario de la UNED - Blog UNED\",\"isPartOf\":{\"@id\":\"https:\/\/www.todouned.com\/uned\/#website\"},\"datePublished\":\"2008-10-28T08:28:51+00:00\",\"dateModified\":\"2008-10-28T08:28:51+00:00\",\"author\":{\"@id\":\"https:\/\/www.todouned.com\/uned\/#\/schema\/person\/76c0f1c77d749fccbf1c918105073512\"},\"breadcrumb\":{\"@id\":\"https:\/\/www.todouned.com\/uned\/la-orquesta-sinfonica-de-gijon-abrio-el-curso-con-el-aniversario-de-la-uned#breadcrumb\"},\"inLanguage\":\"es\",\"potentialAction\":[{\"@type\":\"ReadAction\",\"target\":[\"https:\/\/www.todouned.com\/uned\/la-orquesta-sinfonica-de-gijon-abrio-el-curso-con-el-aniversario-de-la-uned\"]}]},{\"@type\":\"BreadcrumbList\",\"@id\":\"https:\/\/www.todouned.com\/uned\/la-orquesta-sinfonica-de-gijon-abrio-el-curso-con-el-aniversario-de-la-uned#breadcrumb\",\"itemListElement\":[{\"@type\":\"ListItem\",\"position\":1,\"item\":{\"@type\":\"WebPage\",\"@id\":\"https:\/\/www.todouned.com\/uned\",\"url\":\"https:\/\/www.todouned.com\/uned\",\"name\":\"Portada\"}},{\"@type\":\"ListItem\",\"position\":2,\"item\":{\"@id\":\"https:\/\/www.todouned.com\/uned\/la-orquesta-sinfonica-de-gijon-abrio-el-curso-con-el-aniversario-de-la-uned#webpage\"}}]},{\"@type\":\"Person\",\"@id\":\"https:\/\/www.todouned.com\/uned\/#\/schema\/person\/76c0f1c77d749fccbf1c918105073512\",\"name\":\"admin\",\"image\":{\"@type\":\"ImageObject\",\"@id\":\"https:\/\/www.todouned.com\/uned\/#personlogo\",\"inLanguage\":\"es\",\"url\":\"https:\/\/secure.gravatar.com\/avatar\/f031a52bf125a5b4b7ca1ea978509b23?s=96&d=mm&r=g\",\"contentUrl\":\"https:\/\/secure.gravatar.com\/avatar\/f031a52bf125a5b4b7ca1ea978509b23?s=96&d=mm&r=g\",\"caption\":\"admin\"},\"sameAs\":[\"http:\/\/\"],\"url\":\"https:\/\/www.todouned.com\/uned\/author\/admin\"}]}<\/script>\n<!-- \/ Yoast SEO plugin. -->","_links":{"self":[{"href":"https:\/\/www.todouned.com\/uned\/wp-json\/wp\/v2\/posts\/80"}],"collection":[{"href":"https:\/\/www.todouned.com\/uned\/wp-json\/wp\/v2\/posts"}],"about":[{"href":"https:\/\/www.todouned.com\/uned\/wp-json\/wp\/v2\/types\/post"}],"author":[{"embeddable":true,"href":"https:\/\/www.todouned.com\/uned\/wp-json\/wp\/v2\/users\/1"}],"replies":[{"embeddable":true,"href":"https:\/\/www.todouned.com\/uned\/wp-json\/wp\/v2\/comments?post=80"}],"version-history":[{"count":1,"href":"https:\/\/www.todouned.com\/uned\/wp-json\/wp\/v2\/posts\/80\/revisions"}],"predecessor-version":[{"id":81,"href":"https:\/\/www.todouned.com\/uned\/wp-json\/wp\/v2\/posts\/80\/revisions\/81"}],"wp:attachment":[{"href":"https:\/\/www.todouned.com\/uned\/wp-json\/wp\/v2\/media?parent=80"}],"wp:term":[{"taxonomy":"category","embeddable":true,"href":"https:\/\/www.todouned.com\/uned\/wp-json\/wp\/v2\/categories?post=80"},{"taxonomy":"post_tag","embeddable":true,"href":"https:\/\/www.todouned.com\/uned\/wp-json\/wp\/v2\/tags?post=80"}],"curies":[{"name":"wp","href":"https:\/\/api.w.org\/{rel}","templated":true}]}}